{"id":5633,"date":"2026-04-26T20:49:34","date_gmt":"2026-04-26T18:49:34","guid":{"rendered":"https:\/\/www.mv-neukirchen.at\/wp\/?p=5633"},"modified":"2026-04-26T20:49:34","modified_gmt":"2026-04-26T18:49:34","slug":"fruehschoppen-ff-neukirchen-26-april-2026","status":"publish","type":"post","link":"https:\/\/www.mv-neukirchen.at\/wp\/2026\/04\/26\/fruehschoppen-ff-neukirchen-26-april-2026\/","title":{"rendered":"Fr\u00fchschoppen FF Neukirchen, 26. April 2026"},"content":{"rendered":"\n<p>Was f\u00fcr ein toller Fr\u00fchschoppen!!! \ud83d\ude42 Unser gro\u00dfartiges Jugendorchester er\u00f6ffnete diesen wie gewohnt in cooler Manier und brachte neue St\u00fccke zum Besten. Im Anschluss durften wir den Fr\u00fchschoppen stimmungsvoll weiterf\u00fchren. Michi Wolfsgruber und Karli Moser gaben heute ihr Singdeb\u00fct, was bei den Zuh\u00f6rern sehr gut ankam und auch unsere Maria Gebhart &#8222;Miatz&#8220; kam mit den Motivationsschildern f\u00fcr das Publikum super an! Einfach ein mitrei\u00dfender Fr\u00fchschoppen f\u00fcr Jung und Alt.                        FOTOS FOLGEN<\/p>\n","protected":false},"excerpt":{"rendered":"<p>Was f\u00fcr ein toller Fr\u00fchschoppen!!! \ud83d\ude42 Unser gro\u00dfartiges Jugendorchester er\u00f6ffnete diesen wie gewohnt in cooler Manier und brachte neue St\u00fccke zum Besten. Im Anschluss durften wir den Fr\u00fchschoppen stimmungsvoll weiterf\u00fchren. Michi Wolfsgruber und Karli Moser gaben heute ihr Singdeb\u00fct, was bei den Zuh\u00f6rern sehr gut ankam und auch unsere Maria Gebhart &#8222;Miatz&#8220; kam mit den [&hellip;]<\/p>\n","protected":false},"author":3,"featured_media":0,"comment_status":"closed","ping_status":"open","sticky":false,"template":"","format":"standard","meta":{"footnotes":""},"categories":[106,3],"tags":[],"class_list":["post-5633","post","type-post","status-publish","format-standard","hentry","category-106","category-aktuelles"],"_links":{"self":[{"href":"https:\/\/www.mv-neukirchen.at\/wp\/wp-json\/wp\/v2\/posts\/5633","targetHints":{"allow":["GET"]}}],"collection":[{"href":"https:\/\/www.mv-neukirchen.at\/wp\/wp-json\/wp\/v2\/posts"}],"about":[{"href":"https:\/\/www.mv-neukirchen.at\/wp\/wp-json\/wp\/v2\/types\/post"}],"author":[{"embeddable":true,"href":"https:\/\/www.mv-neukirchen.at\/wp\/wp-json\/wp\/v2\/users\/3"}],"replies":[{"embeddable":true,"href":"https:\/\/www.mv-neukirchen.at\/wp\/wp-json\/wp\/v2\/comments?post=5633"}],"version-history":[{"count":1,"href":"https:\/\/www.mv-neukirchen.at\/wp\/wp-json\/wp\/v2\/posts\/5633\/revisions"}],"predecessor-version":[{"id":5634,"href":"https:\/\/www.mv-neukirchen.at\/wp\/wp-json\/wp\/v2\/posts\/5633\/revisions\/5634"}],"wp:attachment":[{"href":"https:\/\/www.mv-neukirchen.at\/wp\/wp-json\/wp\/v2\/media?parent=5633"}],"wp:term":[{"taxonomy":"category","embeddable":true,"href":"https:\/\/www.mv-neukirchen.at\/wp\/wp-json\/wp\/v2\/categories?post=5633"},{"taxonomy":"post_tag","embeddable":true,"href":"https:\/\/www.mv-neukirchen.at\/wp\/wp-json\/wp\/v2\/tags?post=5633"}],"curies":[{"name":"wp","href":"https:\/\/api.w.org\/{rel}","templated":true}]}}