{"id":3464,"date":"2021-10-11T16:10:29","date_gmt":"2021-10-11T15:10:29","guid":{"rendered":"http:\/\/www.mv-neukirchen.at\/?p=3464"},"modified":"2022-03-29T14:56:45","modified_gmt":"2022-03-29T12:56:45","slug":"erntedank-10-oktober-2021","status":"publish","type":"post","link":"https:\/\/www.mv-neukirchen.at\/wp\/2021\/10\/11\/erntedank-10-oktober-2021\/","title":{"rendered":"Erntedank, 10. Oktober 2021"},"content":{"rendered":"\n<figure class=\"wp-block-gallery has-nested-images columns-default is-cropped wp-block-gallery-1 is-layout-flex wp-block-gallery-is-layout-flex\">\n<figure class=\"wp-block-image size-large\"><a href=\"https:\/\/www.mv-neukirchen.at\/wp\/wp-content\/uploads\/2022\/03\/IMG_20211010_091005-1024x768.jpg\"><img decoding=\"async\" src=\"https:\/\/www.mv-neukirchen.at\/wp\/wp-content\/uploads\/2022\/03\/IMG_20211010_091005-1024x768.jpg\" alt=\"\"\/><\/a><\/figure>\n\n\n\n<figure class=\"wp-block-image size-large\"><a href=\"https:\/\/www.mv-neukirchen.at\/wp\/wp-content\/uploads\/2022\/03\/IMG_20211010_103934-1024x768.jpg\"><img decoding=\"async\" src=\"https:\/\/www.mv-neukirchen.at\/wp\/wp-content\/uploads\/2022\/03\/IMG_20211010_103934-1024x768.jpg\" alt=\"\"\/><\/a><\/figure>\n\n\n\n<figure class=\"wp-block-image size-large\"><a href=\"https:\/\/www.mv-neukirchen.at\/wp\/wp-content\/uploads\/2022\/03\/IMG-20211010-WA0010-1024x498.jpg\"><img decoding=\"async\" src=\"https:\/\/www.mv-neukirchen.at\/wp\/wp-content\/uploads\/2022\/03\/IMG-20211010-WA0010-1024x498.jpg\" alt=\"\"\/><\/a><\/figure>\n<\/figure>\n\n\n\n<p>Eine Pr\u00e4miere erlebten die Besucher der Erntedankfeier in der Pfarrkirchen Neukirchen. Eine aus 6 Jungmusikern unserer Musik gebildete neue Formation der \u201eNeukirchner Blechhaufen\u201c umrahmte das Fest musikalisch und feierte damit seinen ersten \u00f6ffentlichen Auftritt. Renate M\u00fchlegger (Posaune), Daniela Wildauer (Tenorhorn), Paula Zopf (Horn), Sebastian Baumgartner (Fl\u00fcgelhorn), Stefan Nussbaumer (Fl\u00fcgelhorn) und Manuel Schmid (Schlagwerk) probten den ganzen Sommer und bereiteten sich gewissenhaft auf diese Feier vor.<\/p>\n\n\n\n<p>Mit traditionellen St\u00fccken, St\u00fccken aus der Schubertmesse aber auch zwei modernen Nummern (The Rose u. You Raise Me Up) spannten sie einen breiten Bogen \u00fcber Ihr Repertoire und lie\u00dfen es ordentlich Klingen. Damit kann der Musikverein eine weitere \u201ekleine Partie\u201c sein eigen nennen. Diese Gruppierungen spielen unterm Jahr viele kleinere kirchliche und weltliche Anl\u00e4sse (Maiandachten, Geburtstagsfeiern, Begr\u00e4bnisse, Firmenfeiern, Er\u00f6ffnungen, \u2026) und opfern neben Ihrem Engagement im gro\u00dfen Musikverein zus\u00e4tzliche Stunden ihrer Freizeit f\u00fcr die Bev\u00f6lkerung von Neukirchen.<\/p>\n\n\n\n<p>Mit diesem Sonntag teilt sich dieser musikalische Mehraufwand auf 12 weitere Schultern auf und wir w\u00fcnschen dem \u201eNeukirchner Blechhaufen\u201c weiterhin viel Freude beim musikzieren in der \u201ekleinen\u201c Gruppe. (Text von Andreas Wildauer)<\/p>\n","protected":false},"excerpt":{"rendered":"<p>Eine Pr\u00e4miere erlebten die Besucher der Erntedankfeier in der Pfarrkirchen Neukirchen. Eine aus 6 Jungmusikern unserer Musik gebildete neue Formation der \u201eNeukirchner Blechhaufen\u201c umrahmte das Fest musikalisch und feierte damit seinen ersten \u00f6ffentlichen Auftritt. Renate M\u00fchlegger (Posaune), Daniela Wildauer (Tenorhorn), Paula Zopf (Horn), Sebastian Baumgartner (Fl\u00fcgelhorn), Stefan Nussbaumer (Fl\u00fcgelhorn) und Manuel Schmid (Schlagwerk) probten den [&hellip;]<\/p>\n","protected":false},"author":3,"featured_media":0,"comment_status":"closed","ping_status":"closed","sticky":false,"template":"","format":"standard","meta":{"footnotes":""},"categories":[7,3],"tags":[],"class_list":["post-3464","post","type-post","status-publish","format-standard","hentry","category-7","category-aktuelles"],"_links":{"self":[{"href":"https:\/\/www.mv-neukirchen.at\/wp\/wp-json\/wp\/v2\/posts\/3464","targetHints":{"allow":["GET"]}}],"collection":[{"href":"https:\/\/www.mv-neukirchen.at\/wp\/wp-json\/wp\/v2\/posts"}],"about":[{"href":"https:\/\/www.mv-neukirchen.at\/wp\/wp-json\/wp\/v2\/types\/post"}],"author":[{"embeddable":true,"href":"https:\/\/www.mv-neukirchen.at\/wp\/wp-json\/wp\/v2\/users\/3"}],"replies":[{"embeddable":true,"href":"https:\/\/www.mv-neukirchen.at\/wp\/wp-json\/wp\/v2\/comments?post=3464"}],"version-history":[{"count":4,"href":"https:\/\/www.mv-neukirchen.at\/wp\/wp-json\/wp\/v2\/posts\/3464\/revisions"}],"predecessor-version":[{"id":3850,"href":"https:\/\/www.mv-neukirchen.at\/wp\/wp-json\/wp\/v2\/posts\/3464\/revisions\/3850"}],"wp:attachment":[{"href":"https:\/\/www.mv-neukirchen.at\/wp\/wp-json\/wp\/v2\/media?parent=3464"}],"wp:term":[{"taxonomy":"category","embeddable":true,"href":"https:\/\/www.mv-neukirchen.at\/wp\/wp-json\/wp\/v2\/categories?post=3464"},{"taxonomy":"post_tag","embeddable":true,"href":"https:\/\/www.mv-neukirchen.at\/wp\/wp-json\/wp\/v2\/tags?post=3464"}],"curies":[{"name":"wp","href":"https:\/\/api.w.org\/{rel}","templated":true}]}}